{"id":3291,"date":"2020-07-07T11:21:38","date_gmt":"2020-07-07T14:21:38","guid":{"rendered":"https:\/\/estheticaligner.com.br\/portal\/?p=3291"},"modified":"2020-07-07T11:32:22","modified_gmt":"2020-07-07T14:32:22","slug":"ortodontia-com-aparelhos-invisiveis-para-criancas","status":"publish","type":"post","link":"https:\/\/estheticaligner.com.co\/portal\/ortodontia-com-aparelhos-invisiveis-para-criancas\/","title":{"rendered":"Ortodontia com aparelhos invis\u00edveis para crian\u00e7as?"},"content":{"rendered":"<p><strong>Julho Laranja<\/strong> &#x1f9e1; \u00e9 uma campanha de conscientiza\u00e7\u00e3o sobre a import\u00e2ncia da <strong>sa\u00fade bucal<\/strong> e dos <strong>cuidados ortod\u00f4nticos<\/strong> desde a primeira inf\u00e2ncia.<\/p>\n<p>Por volta dos 5 ou 6 anos de idade, os <strong>dentes de leite<\/strong> come\u00e7am a ser substitu\u00eddos pelos permanentes e muitas vezes n\u00e3o encontram espa\u00e7o para o seteu correto desenvolvimento. \u00c9 nesta fase, que os pais normalmente percebem altera\u00e7\u00f5es no sorriso dos pequenos e buscam um Ortodontista.<\/p>\n<p>O ideal, \u00e9 que esta consulta seja feita o quanto antes, pois em virtude do grande potencial de crescimento esquel\u00e9tico e plasticidade do tecido \u00f3sseo das crian\u00e7as, \u00e9 poss\u00edvel promover grandes mudan\u00e7as ortop\u00e9dicas e funcionais, obtendo os espa\u00e7os adequados para a erup\u00e7\u00e3o e alinhamento dos dentes permanentes.<\/p>\n<p>Mas, se tratando de iniciar um <strong>tratamento ortod\u00f4ntico em crian\u00e7as<\/strong>, sempre surgem d\u00favidas, como a possibilidade de machucar gengivas, altera\u00e7\u00f5es na fala e na rotina, e, at\u00e9 mesmo quest\u00f5es relacionadas a est\u00e9tica. Ser\u00e1 que algu\u00e9m ir\u00e1 comentar sobre os br\u00e1quetes?<\/p>\n<p>Quem j\u00e1 utilizou algum tipo de<strong> aparelho ortod\u00f4ntico fixo<\/strong>, sabe como \u00e9 dif\u00edcil a adapta\u00e7\u00e3o e os inc\u00f4modos que o paciente vivencia, mas a boa not\u00edcia \u00e9 que os <strong>aparelhos invis\u00edveis Esthetic Aligner<\/strong>, trouxeram uma nova forma de tratar os desalinhamentos dent\u00e1rios.<\/p>\n<p>Indicado para qualquer faixa et\u00e1ria, inclusive na denti\u00e7\u00e3o mista, o sistema permite tratar de mais de 93% dos casos de m\u00e1s-oclus\u00f5es, de casos simples a severos, com resultados mais r\u00e1pidos e eficientes.<\/p>\n<p>O processo \u00e9 realizado por meio de planejamento digital, o que permite maior previsibilidade de resultados. Os alinhadores aplicam uma leve press\u00e3o sobre os dentes, para que eles se movam at\u00e9 a posi\u00e7\u00e3o previamente determinada e possam atingir os resultados planejados. Nosso sistema utiliza moldagens consecutivas, que permitem que tratamentos cl\u00ednicos e outros procedimentos como exemplo restaura\u00e7\u00f5es, sejam feitos concomitantes ao tratamento ortod\u00f4ntico, com controle da evolu\u00e7\u00e3o do caso.<\/p>\n<p>As vantagens s\u00e3o in\u00fameras, os alinhadores s\u00e3o est\u00e9ticos e confort\u00e1veis e, por serem remov\u00edveis, permitem uma alimenta\u00e7\u00e3o sem restri\u00e7\u00f5es, o que \u00e9 excelente para crian\u00e7as, que est\u00e3o em fase de crescimento, al\u00e9m de permitir uma melhor higieniza\u00e7\u00e3o dos dentes, eliminando o risco de c\u00e1ries.<\/p>\n<p>Para facilitar ainda mais a adapta\u00e7\u00e3o, o tempo de utiliza\u00e7\u00e3o dos alinhadores para as crian\u00e7as \u00e9 menor durante o dia, e as consultas s\u00e3o mais r\u00e1pidas.<\/p>\n<p>O paciente faz as trocas dos alinhadores em casa, o que ajuda a manter a flexibiliza\u00e7\u00e3o na rotina e a motiva\u00e7\u00e3o durante o tratamento.<\/p>\n<p>A Esthetic Aligner tem a melhor op\u00e7\u00e3o em Ortodontia est\u00e9tica. Os alinhadores Esthetic Aligner s\u00e3o produzidos com materiais importados e tecnologia 3D, no planejamento de cada caso em nosso Laborat\u00f3rio em S\u00e3o Paulo, o que garante o in\u00edcio de tratamento mais r\u00e1pido do mercado e o melhor custo benef\u00edcio.<\/p>\n<p>Encontre o Dentista mais pr\u00f3ximo a voc\u00ea e agende uma avali\u00e7\u00e3o.<br \/>\nTemos certeza de que sua escolha ser\u00e1 perfeita!<\/p>\n<p><img loading=\"lazy\" decoding=\"async\" class=\"alignnone size-medium wp-image-3292\" src=\"https:\/\/estheticaligner.com.co\/portal\/wp-content\/uploads\/v2-blog-julho-laranja-300x200.jpeg\" alt=\"\" width=\"300\" height=\"200\" \/><\/p>\n","protected":false},"excerpt":{"rendered":"<p>Julho Laranja &#x1f9e1; \u00e9 uma campanha de conscientiza\u00e7\u00e3o sobre a import\u00e2ncia da sa\u00fade bucal e dos cuidados ortod\u00f4nticos desde a primeira inf\u00e2ncia. Por volta dos 5 ou 6 anos de idade, os dentes de leite come\u00e7am a ser substitu\u00eddos pelos permanentes e muitas vezes n\u00e3o encontram espa\u00e7o para o seteu correto desenvolvimento. \u00c9 nesta fase, [&hellip;]<\/p>\n","protected":false},"author":3188,"featured_media":3292,"comment_status":"open","ping_status":"open","sticky":false,"template":"","format":"standard","meta":{"footnotes":""},"categories":[5,26,27,4],"tags":[],"_links":{"self":[{"href":"https:\/\/estheticaligner.com.co\/portal\/wp-json\/wp\/v2\/posts\/3291"}],"collection":[{"href":"https:\/\/estheticaligner.com.co\/portal\/wp-json\/wp\/v2\/posts"}],"about":[{"href":"https:\/\/estheticaligner.com.co\/portal\/wp-json\/wp\/v2\/types\/post"}],"author":[{"embeddable":true,"href":"https:\/\/estheticaligner.com.co\/portal\/wp-json\/wp\/v2\/users\/3188"}],"replies":[{"embeddable":true,"href":"https:\/\/estheticaligner.com.co\/portal\/wp-json\/wp\/v2\/comments?post=3291"}],"version-history":[{"count":0,"href":"https:\/\/estheticaligner.com.co\/portal\/wp-json\/wp\/v2\/posts\/3291\/revisions"}],"wp:featuredmedia":[{"embeddable":true,"href":"https:\/\/estheticaligner.com.co\/portal\/wp-json\/wp\/v2\/media\/3292"}],"wp:attachment":[{"href":"https:\/\/estheticaligner.com.co\/portal\/wp-json\/wp\/v2\/media?parent=3291"}],"wp:term":[{"taxonomy":"category","embeddable":true,"href":"https:\/\/estheticaligner.com.co\/portal\/wp-json\/wp\/v2\/categories?post=3291"},{"taxonomy":"post_tag","embeddable":true,"href":"https:\/\/estheticaligner.com.co\/portal\/wp-json\/wp\/v2\/tags?post=3291"}],"curies":[{"name":"wp","href":"https:\/\/api.w.org\/{rel}","templated":true}]}}