{"id":1959,"date":"2018-02-16T11:58:27","date_gmt":"2018-02-16T13:58:27","guid":{"rendered":"https:\/\/estheticaligner.com.br\/portal\/?p=1959"},"modified":"2018-02-16T12:27:54","modified_gmt":"2018-02-16T14:27:54","slug":"classe-i-esqueletal-e-biprotusao-dentaria","status":"publish","type":"post","link":"https:\/\/estheticaligner.com.co\/portal\/classe-i-esqueletal-e-biprotusao-dentaria\/","title":{"rendered":"Classe I esqueletal e biprotus\u00e3o dent\u00e1ria"},"content":{"rendered":"[mk_page_section][vc_column][mk_image src=&#8221;https:\/\/estheticaligner.com.co\/portal\/wp-content\/uploads\/aparelho.png&#8221; image_size=&#8221;full&#8221; align=&#8221;center&#8221;][mk_fancy_title color_style=&#8221;gradient_color&#8221; grandient_color_from=&#8221;#43a5f4&#8243; grandient_color_to=&#8221;#5a5ada&#8221; grandient_color_angle=&#8221;diagonal_left_bottom&#8221; grandient_color_fallback=&#8221;#5678dc&#8221; size=&#8221;32&#8243; txt_transform=&#8221;uppercase&#8221; font_family=&#8221;none&#8221; align=&#8221;center&#8221;]CASO CL\u00cdNICO: Classe I\u00a0esqueletal e\u00a0biprotus\u00e3o dent\u00e1ria[\/mk_fancy_title][\/vc_column][\/mk_page_section][mk_page_section][vc_column][vc_row_inner][vc_column_inner width=&#8221;1\/6&#8243;][\/vc_column_inner][vc_column_inner width=&#8221;2\/3&#8243;][mk_image_slideshow images=&#8221;1964,1970,1965,1966,1971,1972&#8243; image_width=&#8221;1200&#8243; image_height=&#8221;900&#8243;][mk_padding_divider][vc_column_text css=&#8221;.vc_custom_1518789429512{margin-bottom: 0px !important;}&#8221;]\n<p style=\"text-align: justify;\"><strong>Descri\u00e7\u00e3o do Caso:<\/strong> Paciente portadora de Classe I esqueletal e biprotus\u00e3o dent\u00e1ria. Caso tratado exclusivamente com os alinhadores da Esthetic Aligner. Note a grande mudan\u00e7a de \u00e2ngulo intericisivo obtida pelo excelente controle anterior em um caso muito grave.<br \/>\n<strong>Quantidade de S\u00e9ries utilizadas:<\/strong> 24.<br \/>\n<strong>Dentista Respons\u00e1vel:<\/strong> Dr. Fernando Stefanato Buranello<\/p>\n[\/vc_column_text][\/vc_column_inner][vc_column_inner width=&#8221;1\/6&#8243;][\/vc_column_inner][\/vc_row_inner][\/vc_column][\/mk_page_section]\n","protected":false},"excerpt":{"rendered":"<p>[mk_page_section][vc_column][mk_image src=&#8221;https:\/\/estheticaligner.com.co\/portal\/wp-content\/uploads\/aparelho.png&#8221; image_size=&#8221;full&#8221; align=&#8221;center&#8221;][mk_fancy_title color_style=&#8221;gradient_color&#8221; grandient_color_from=&#8221;#43a5f4&#8243; grandient_color_to=&#8221;#5a5ada&#8221; grandient_color_angle=&#8221;diagonal_left_bottom&#8221; grandient_color_fallback=&#8221;#5678dc&#8221; size=&#8221;32&#8243; txt_transform=&#8221;uppercase&#8221; font_family=&#8221;none&#8221; align=&#8221;center&#8221;]CASO CL\u00cdNICO: Classe I\u00a0esqueletal e\u00a0biprotus\u00e3o dent\u00e1ria[\/mk_fancy_title][\/vc_column][\/mk_page_section][mk_page_section][vc_column][vc_row_inner][vc_column_inner width=&#8221;1\/6&#8243;][\/vc_column_inner][vc_column_inner width=&#8221;2\/3&#8243;][mk_image_slideshow images=&#8221;1964,1970,1965,1966,1971,1972&#8243; image_width=&#8221;1200&#8243; image_height=&#8221;900&#8243;][mk_padding_divider][vc_column_text css=&#8221;.vc_custom_1518789429512{margin-bottom: 0px !important;}&#8221;] Descri\u00e7\u00e3o do Caso: Paciente portadora de Classe I esqueletal e biprotus\u00e3o dent\u00e1ria. Caso tratado exclusivamente com os alinhadores da Esthetic Aligner. Note a grande mudan\u00e7a de \u00e2ngulo intericisivo obtida [&hellip;]<\/p>\n","protected":false},"author":3188,"featured_media":1960,"comment_status":"open","ping_status":"open","sticky":false,"template":"","format":"standard","meta":{"footnotes":""},"categories":[45],"tags":[],"_links":{"self":[{"href":"https:\/\/estheticaligner.com.co\/portal\/wp-json\/wp\/v2\/posts\/1959"}],"collection":[{"href":"https:\/\/estheticaligner.com.co\/portal\/wp-json\/wp\/v2\/posts"}],"about":[{"href":"https:\/\/estheticaligner.com.co\/portal\/wp-json\/wp\/v2\/types\/post"}],"author":[{"embeddable":true,"href":"https:\/\/estheticaligner.com.co\/portal\/wp-json\/wp\/v2\/users\/3188"}],"replies":[{"embeddable":true,"href":"https:\/\/estheticaligner.com.co\/portal\/wp-json\/wp\/v2\/comments?post=1959"}],"version-history":[{"count":0,"href":"https:\/\/estheticaligner.com.co\/portal\/wp-json\/wp\/v2\/posts\/1959\/revisions"}],"wp:featuredmedia":[{"embeddable":true,"href":"https:\/\/estheticaligner.com.co\/portal\/wp-json\/wp\/v2\/media\/1960"}],"wp:attachment":[{"href":"https:\/\/estheticaligner.com.co\/portal\/wp-json\/wp\/v2\/media?parent=1959"}],"wp:term":[{"taxonomy":"category","embeddable":true,"href":"https:\/\/estheticaligner.com.co\/portal\/wp-json\/wp\/v2\/categories?post=1959"},{"taxonomy":"post_tag","embeddable":true,"href":"https:\/\/estheticaligner.com.co\/portal\/wp-json\/wp\/v2\/tags?post=1959"}],"curies":[{"name":"wp","href":"https:\/\/api.w.org\/{rel}","templated":true}]}}