{"id":1896,"date":"2018-02-15T15:06:07","date_gmt":"2018-02-15T17:06:07","guid":{"rendered":"https:\/\/estheticaligner.com.br\/portal\/?p=1896"},"modified":"2018-02-16T12:35:39","modified_gmt":"2018-02-16T14:35:39","slug":"caso-clinico-classe-i-esqueletica-e-dentaria","status":"publish","type":"post","link":"https:\/\/estheticaligner.com.co\/portal\/caso-clinico-classe-i-esqueletica-e-dentaria\/","title":{"rendered":"Classe I Esquel\u00e9tica e Dent\u00e1ria"},"content":{"rendered":"[mk_page_section][vc_column][mk_image src=&#8221;https:\/\/estheticaligner.com.co\/portal\/wp-content\/uploads\/aparelho.png&#8221; image_size=&#8221;full&#8221; align=&#8221;center&#8221;][mk_fancy_title color_style=&#8221;gradient_color&#8221; grandient_color_from=&#8221;#43a5f4&#8243; grandient_color_to=&#8221;#5a5ada&#8221; grandient_color_angle=&#8221;diagonal_left_bottom&#8221; grandient_color_fallback=&#8221;#5678dc&#8221; size=&#8221;32&#8243; txt_transform=&#8221;uppercase&#8221; font_family=&#8221;none&#8221; align=&#8221;center&#8221;]CASO CL\u00cdNICO: Classe I esquel\u00e9tica e dent\u00e1ria[\/mk_fancy_title][\/vc_column][\/mk_page_section][mk_page_section][vc_column][vc_row_inner][vc_column_inner width=&#8221;1\/6&#8243;][\/vc_column_inner][vc_column_inner width=&#8221;2\/3&#8243;][mk_image_slideshow images=&#8221;1974,1975&#8243; image_width=&#8221;1200&#8243; image_height=&#8221;900&#8243;][mk_padding_divider][vc_column_text css=&#8221;.vc_custom_1518791727793{margin-bottom: 0px !important;}&#8221;]<strong>Descri\u00e7\u00e3o do Caso:<\/strong> Paciente portador de Classe I esquel\u00e9tica e dent\u00e1ria, com mordida em topo anterior, tendo o dente 22 cruzado, desvio de linha m\u00e9dia de 2mm, dente 35 severamente girovertido, e dentes 12 e 22 desproporcionais em rela\u00e7\u00e3o aos demais. Caso tratado exclusivamente com os alinhadores da Esthetic Aligner. Note que os dentes 12 e 22 ir\u00e3o receber laminados cer\u00e2micos para finaliza\u00e7\u00e3o do caso devido a altera\u00e7\u00e3o previamente relatada.<br \/>\n<strong>Quantidade de S\u00e9ries utilizadas:<\/strong> 24.<br \/>\n<strong>Dentista Respons\u00e1vel:<\/strong> Dr. Fernando Stefanato Buranello[\/vc_column_text][\/vc_column_inner][vc_column_inner width=&#8221;1\/6&#8243;][\/vc_column_inner][\/vc_row_inner][\/vc_column][\/mk_page_section]\n","protected":false},"excerpt":{"rendered":"<p>[mk_page_section][vc_column][mk_image src=&#8221;https:\/\/estheticaligner.com.co\/portal\/wp-content\/uploads\/aparelho.png&#8221; image_size=&#8221;full&#8221; align=&#8221;center&#8221;][mk_fancy_title color_style=&#8221;gradient_color&#8221; grandient_color_from=&#8221;#43a5f4&#8243; grandient_color_to=&#8221;#5a5ada&#8221; grandient_color_angle=&#8221;diagonal_left_bottom&#8221; grandient_color_fallback=&#8221;#5678dc&#8221; size=&#8221;32&#8243; txt_transform=&#8221;uppercase&#8221; font_family=&#8221;none&#8221; align=&#8221;center&#8221;]CASO CL\u00cdNICO: Classe I esquel\u00e9tica e dent\u00e1ria[\/mk_fancy_title][\/vc_column][\/mk_page_section][mk_page_section][vc_column][vc_row_inner][vc_column_inner width=&#8221;1\/6&#8243;][\/vc_column_inner][vc_column_inner width=&#8221;2\/3&#8243;][mk_image_slideshow images=&#8221;1974,1975&#8243; image_width=&#8221;1200&#8243; image_height=&#8221;900&#8243;][mk_padding_divider][vc_column_text css=&#8221;.vc_custom_1518791727793{margin-bottom: 0px !important;}&#8221;]Descri\u00e7\u00e3o do Caso: Paciente portador de Classe I esquel\u00e9tica e dent\u00e1ria, com mordida em topo anterior, tendo o dente 22 cruzado, desvio de linha m\u00e9dia de 2mm, dente 35 [&hellip;]<\/p>\n","protected":false},"author":3188,"featured_media":1934,"comment_status":"open","ping_status":"open","sticky":false,"template":"","format":"standard","meta":{"footnotes":""},"categories":[45],"tags":[66,65],"_links":{"self":[{"href":"https:\/\/estheticaligner.com.co\/portal\/wp-json\/wp\/v2\/posts\/1896"}],"collection":[{"href":"https:\/\/estheticaligner.com.co\/portal\/wp-json\/wp\/v2\/posts"}],"about":[{"href":"https:\/\/estheticaligner.com.co\/portal\/wp-json\/wp\/v2\/types\/post"}],"author":[{"embeddable":true,"href":"https:\/\/estheticaligner.com.co\/portal\/wp-json\/wp\/v2\/users\/3188"}],"replies":[{"embeddable":true,"href":"https:\/\/estheticaligner.com.co\/portal\/wp-json\/wp\/v2\/comments?post=1896"}],"version-history":[{"count":0,"href":"https:\/\/estheticaligner.com.co\/portal\/wp-json\/wp\/v2\/posts\/1896\/revisions"}],"wp:featuredmedia":[{"embeddable":true,"href":"https:\/\/estheticaligner.com.co\/portal\/wp-json\/wp\/v2\/media\/1934"}],"wp:attachment":[{"href":"https:\/\/estheticaligner.com.co\/portal\/wp-json\/wp\/v2\/media?parent=1896"}],"wp:term":[{"taxonomy":"category","embeddable":true,"href":"https:\/\/estheticaligner.com.co\/portal\/wp-json\/wp\/v2\/categories?post=1896"},{"taxonomy":"post_tag","embeddable":true,"href":"https:\/\/estheticaligner.com.co\/portal\/wp-json\/wp\/v2\/tags?post=1896"}],"curies":[{"name":"wp","href":"https:\/\/api.w.org\/{rel}","templated":true}]}}