{"id":1574,"date":"2018-02-08T17:25:59","date_gmt":"2018-02-08T19:25:59","guid":{"rendered":"https:\/\/estheticaligner.com.co\/portal\/?p=1574"},"modified":"2018-02-16T12:41:43","modified_gmt":"2018-02-16T14:41:43","slug":"caso-clinico-classe-iii-esqueletica-e-dentaria","status":"publish","type":"post","link":"https:\/\/estheticaligner.com.co\/portal\/caso-clinico-classe-iii-esqueletica-e-dentaria\/","title":{"rendered":"Classe III esquel\u00e9tica e dent\u00e1ria"},"content":{"rendered":"[mk_page_section][vc_column][mk_image src=&#8221;https:\/\/estheticaligner.com.co\/portal\/wp-content\/uploads\/aparelho.png&#8221; image_size=&#8221;full&#8221; align=&#8221;center&#8221;][mk_fancy_title color_style=&#8221;gradient_color&#8221; grandient_color_from=&#8221;#43a5f4&#8243; grandient_color_to=&#8221;#5a5ada&#8221; grandient_color_angle=&#8221;diagonal_left_bottom&#8221; grandient_color_fallback=&#8221;#5678dc&#8221; size=&#8221;32&#8243; txt_transform=&#8221;uppercase&#8221; font_family=&#8221;none&#8221; align=&#8221;center&#8221;]CASO CL\u00cdNICO: Classe III esquel\u00e9tica e dent\u00e1ria[\/mk_fancy_title][\/vc_column][\/mk_page_section][mk_page_section][vc_column][vc_row_inner][vc_column_inner width=&#8221;1\/6&#8243;][\/vc_column_inner][vc_column_inner width=&#8221;2\/3&#8243;][mk_image_slideshow images=&#8221;1977,1978&#8243; image_width=&#8221;1200&#8243; image_height=&#8221;900&#8243;][mk_padding_divider][vc_column_text css=&#8221;.vc_custom_1518792093396{margin-bottom: 0px !important;}&#8221;]<strong>Descri\u00e7\u00e3o do Caso:<\/strong> Paciente portador de Classe III esquel\u00e9tica e dent\u00e1ria, com mordida cruzada lateral direita e anterior, defici\u00eancia de trespasse vertical e atresia transversal, tratado exclusivamente com os alinhadores da Esthetic Aligner.<br \/>\n<strong>Quantidade de S\u00e9ries utilizadas:<\/strong> 28.<br \/>\n<strong>Dentista Respons\u00e1vel:<\/strong> Dr. Fernando Stefanato Buranello[\/vc_column_text][\/vc_column_inner][vc_column_inner width=&#8221;1\/6&#8243;][\/vc_column_inner][\/vc_row_inner][\/vc_column][\/mk_page_section]\n","protected":false},"excerpt":{"rendered":"<p>[mk_page_section][vc_column][mk_image src=&#8221;https:\/\/estheticaligner.com.co\/portal\/wp-content\/uploads\/aparelho.png&#8221; image_size=&#8221;full&#8221; align=&#8221;center&#8221;][mk_fancy_title color_style=&#8221;gradient_color&#8221; grandient_color_from=&#8221;#43a5f4&#8243; grandient_color_to=&#8221;#5a5ada&#8221; grandient_color_angle=&#8221;diagonal_left_bottom&#8221; grandient_color_fallback=&#8221;#5678dc&#8221; size=&#8221;32&#8243; txt_transform=&#8221;uppercase&#8221; font_family=&#8221;none&#8221; align=&#8221;center&#8221;]CASO CL\u00cdNICO: Classe III esquel\u00e9tica e dent\u00e1ria[\/mk_fancy_title][\/vc_column][\/mk_page_section][mk_page_section][vc_column][vc_row_inner][vc_column_inner width=&#8221;1\/6&#8243;][\/vc_column_inner][vc_column_inner width=&#8221;2\/3&#8243;][mk_image_slideshow images=&#8221;1977,1978&#8243; image_width=&#8221;1200&#8243; image_height=&#8221;900&#8243;][mk_padding_divider][vc_column_text css=&#8221;.vc_custom_1518792093396{margin-bottom: 0px !important;}&#8221;]Descri\u00e7\u00e3o do Caso: Paciente portador de Classe III esquel\u00e9tica e dent\u00e1ria, com mordida cruzada lateral direita e anterior, defici\u00eancia de trespasse vertical e atresia transversal, tratado exclusivamente com os [&hellip;]<\/p>\n","protected":false},"author":3188,"featured_media":1669,"comment_status":"open","ping_status":"open","sticky":false,"template":"","format":"standard","meta":{"footnotes":""},"categories":[45],"tags":[],"_links":{"self":[{"href":"https:\/\/estheticaligner.com.co\/portal\/wp-json\/wp\/v2\/posts\/1574"}],"collection":[{"href":"https:\/\/estheticaligner.com.co\/portal\/wp-json\/wp\/v2\/posts"}],"about":[{"href":"https:\/\/estheticaligner.com.co\/portal\/wp-json\/wp\/v2\/types\/post"}],"author":[{"embeddable":true,"href":"https:\/\/estheticaligner.com.co\/portal\/wp-json\/wp\/v2\/users\/3188"}],"replies":[{"embeddable":true,"href":"https:\/\/estheticaligner.com.co\/portal\/wp-json\/wp\/v2\/comments?post=1574"}],"version-history":[{"count":0,"href":"https:\/\/estheticaligner.com.co\/portal\/wp-json\/wp\/v2\/posts\/1574\/revisions"}],"wp:featuredmedia":[{"embeddable":true,"href":"https:\/\/estheticaligner.com.co\/portal\/wp-json\/wp\/v2\/media\/1669"}],"wp:attachment":[{"href":"https:\/\/estheticaligner.com.co\/portal\/wp-json\/wp\/v2\/media?parent=1574"}],"wp:term":[{"taxonomy":"category","embeddable":true,"href":"https:\/\/estheticaligner.com.co\/portal\/wp-json\/wp\/v2\/categories?post=1574"},{"taxonomy":"post_tag","embeddable":true,"href":"https:\/\/estheticaligner.com.co\/portal\/wp-json\/wp\/v2\/tags?post=1574"}],"curies":[{"name":"wp","href":"https:\/\/api.w.org\/{rel}","templated":true}]}}